{"id":2031,"date":"2025-10-05T16:27:00","date_gmt":"2025-10-05T14:27:00","guid":{"rendered":"https:\/\/www.dometvie.fr\/franchise\/?p=2031"},"modified":"2026-01-05T16:30:31","modified_gmt":"2026-01-05T15:30:31","slug":"reunions-regionales-dometvie-edition-2025","status":"publish","type":"post","link":"https:\/\/www.dometvie.fr\/franchise\/reunions-regionales-dometvie-edition-2025\/","title":{"rendered":"R\u00e9unions r\u00e9gionales DOMetVIE &#8211; \u00c9dition 2025"},"content":{"rendered":"\n<p>En <strong>octobre 2025<\/strong>, le r\u00e9seau DOMetVIE organise ses <strong>r\u00e9unions r\u00e9gionales annuelles<\/strong>, un rendez-vous incontournable pour l\u2019ensemble des franchis\u00e9s et la t\u00eate de r\u00e9seau. Ces rencontres permettent de faire le point sur l\u2019ann\u00e9e \u00e9coul\u00e9e, de partager les retours d\u2019exp\u00e9rience terrain et de pr\u00e9senter les grandes orientations strat\u00e9giques du r\u00e9seau DOMetVIE pour les mois \u00e0 venir.<\/p>\n\n\n\n<p>Ces temps d\u2019\u00e9change privil\u00e9gi\u00e9s renforcent la coh\u00e9sion du r\u00e9seau et accompagnent chaque franchis\u00e9 dans le d\u00e9veloppement de son activit\u00e9 au service des seniors et des personnes \u00e0 mobilit\u00e9 r\u00e9duite.<\/p>\n\n\n\n<figure class=\"wp-block-image size-large\"><img loading=\"lazy\" decoding=\"async\" width=\"1100\" height=\"825\" src=\"https:\/\/www.dometvie.fr\/franchise\/wp-content\/uploads\/2026\/01\/Reunion-regionale-franchise-2025-visio-1100x825.jpg\" alt=\"\" class=\"wp-image-2019\" srcset=\"https:\/\/www.dometvie.fr\/franchise\/wp-content\/uploads\/2026\/01\/Reunion-regionale-franchise-2025-visio-1100x825.jpg 1100w, https:\/\/www.dometvie.fr\/franchise\/wp-content\/uploads\/2026\/01\/Reunion-regionale-franchise-2025-visio-300x225.jpg 300w, https:\/\/www.dometvie.fr\/franchise\/wp-content\/uploads\/2026\/01\/Reunion-regionale-franchise-2025-visio-768x576.jpg 768w, https:\/\/www.dometvie.fr\/franchise\/wp-content\/uploads\/2026\/01\/Reunion-regionale-franchise-2025-visio-1536x1152.jpg 1536w, https:\/\/www.dometvie.fr\/franchise\/wp-content\/uploads\/2026\/01\/Reunion-regionale-franchise-2025-visio-600x450.jpg 600w, https:\/\/www.dometvie.fr\/franchise\/wp-content\/uploads\/2026\/01\/Reunion-regionale-franchise-2025-visio.jpg 1600w\" sizes=\"auto, (max-width: 1100px) 100vw, 1100px\" \/><\/figure>\n\n\n\n<h2 class=\"wp-block-heading\">Pourquoi les r\u00e9unions r\u00e9gionales DOMetVIE sont essentielles<\/h2>\n\n\n\n<p>Les <strong>r\u00e9unions r\u00e9gionales DOMetVIE<\/strong> jouent un r\u00f4le cl\u00e9 dans la dynamique du r\u00e9seau. Elles offrent un cadre propice pour :<\/p>\n\n\n\n<ul class=\"wp-block-list\">\n<li>\u00e9changer sur les bonnes pratiques commerciales et op\u00e9rationnelles,<\/li>\n\n\n\n<li>analyser les performances locales et nationales,<\/li>\n\n\n\n<li>partager les enjeux du march\u00e9 de l\u2019adaptation de l\u2019habitat,<\/li>\n\n\n\n<li>renforcer le lien entre franchis\u00e9s et \u00e9quipe centrale.<\/li>\n<\/ul>\n\n\n\n<p>Ces moments de proximit\u00e9 favorisent l\u2019intelligence collective et contribuent \u00e0 la performance durable du r\u00e9seau DOMetVIE.<\/p>\n\n\n\n<p><\/p>\n\n\n\n<h2 class=\"wp-block-heading\">Focus sur l\u2019\u00e9dition 2025 \u2013 Octobre<\/h2>\n\n\n\n<p>L\u2019<strong>\u00e9dition 2025<\/strong>, organis\u00e9e au mois d\u2019<strong>octobre<\/strong>, s\u2019inscrit dans une volont\u00e9 forte d\u2019accompagnement et de projection. Plusieurs th\u00e9matiques strat\u00e9giques seront abord\u00e9es lors de ces rencontres r\u00e9gionales :<\/p>\n\n\n\n<ul class=\"wp-block-list\">\n<li>bilan des actions men\u00e9es sur l\u2019ann\u00e9e 2024\u20132025,<\/li>\n\n\n\n<li>\u00e9volution du positionnement DOMetVIE sur le march\u00e9 de l\u2019am\u00e9nagement PMR,<\/li>\n\n\n\n<li>retours terrain des franchis\u00e9s et partages d\u2019exp\u00e9riences,<\/li>\n\n\n\n<li>pr\u00e9sentation des nouveaut\u00e9s outils, process et supports r\u00e9seau,<\/li>\n\n\n\n<li>perspectives de d\u00e9veloppement pour 2026.<\/li>\n<\/ul>\n\n\n\n<p>Chaque r\u00e9union est pens\u00e9e comme un moment interactif, favorisant les \u00e9changes concrets et les discussions ouvertes entre les participants.<\/p>\n\n\n\n<figure class=\"wp-block-image size-large\"><img loading=\"lazy\" decoding=\"async\" width=\"1100\" height=\"825\" src=\"https:\/\/www.dometvie.fr\/franchise\/wp-content\/uploads\/2026\/01\/Reunion-regionale-franchise-2025-bis-1100x825.jpg\" alt=\"\" class=\"wp-image-2017\" srcset=\"https:\/\/www.dometvie.fr\/franchise\/wp-content\/uploads\/2026\/01\/Reunion-regionale-franchise-2025-bis-1100x825.jpg 1100w, https:\/\/www.dometvie.fr\/franchise\/wp-content\/uploads\/2026\/01\/Reunion-regionale-franchise-2025-bis-300x225.jpg 300w, https:\/\/www.dometvie.fr\/franchise\/wp-content\/uploads\/2026\/01\/Reunion-regionale-franchise-2025-bis-768x576.jpg 768w, https:\/\/www.dometvie.fr\/franchise\/wp-content\/uploads\/2026\/01\/Reunion-regionale-franchise-2025-bis-1536x1152.jpg 1536w, https:\/\/www.dometvie.fr\/franchise\/wp-content\/uploads\/2026\/01\/Reunion-regionale-franchise-2025-bis-600x450.jpg 600w, https:\/\/www.dometvie.fr\/franchise\/wp-content\/uploads\/2026\/01\/Reunion-regionale-franchise-2025-bis.jpg 1600w\" sizes=\"auto, (max-width: 1100px) 100vw, 1100px\" \/><\/figure>\n\n\n\n<h2 class=\"wp-block-heading\">Un temps fort pour la vie du r\u00e9seau<\/h2>\n\n\n\n<p>Au-del\u00e0 des contenus abord\u00e9s, les r\u00e9unions r\u00e9gionales sont aussi un <strong>temps humain fort<\/strong>. Elles permettent aux franchis\u00e9s DOMetVIE de se retrouver, d\u2019\u00e9changer librement et de renforcer le sentiment d\u2019appartenance \u00e0 un r\u00e9seau engag\u00e9 et solidaire.<\/p>\n\n\n\n<p>Ces rencontres compl\u00e8tent d\u2019autres \u00e9v\u00e9nements structurants du r\u00e9seau, tels que la <strong>convention nationale DOMetVIE<\/strong> et les formations d\u00e9di\u00e9es aux franchis\u00e9s.<\/p>\n\n\n\n<figure class=\"wp-block-image size-large\"><img loading=\"lazy\" decoding=\"async\" width=\"1100\" height=\"825\" src=\"https:\/\/www.dometvie.fr\/franchise\/wp-content\/uploads\/2026\/01\/Reunion-regionale-franchise-2025-1100x825.jpg\" alt=\"\" class=\"wp-image-2016\" srcset=\"https:\/\/www.dometvie.fr\/franchise\/wp-content\/uploads\/2026\/01\/Reunion-regionale-franchise-2025-1100x825.jpg 1100w, https:\/\/www.dometvie.fr\/franchise\/wp-content\/uploads\/2026\/01\/Reunion-regionale-franchise-2025-300x225.jpg 300w, https:\/\/www.dometvie.fr\/franchise\/wp-content\/uploads\/2026\/01\/Reunion-regionale-franchise-2025-768x576.jpg 768w, https:\/\/www.dometvie.fr\/franchise\/wp-content\/uploads\/2026\/01\/Reunion-regionale-franchise-2025-1536x1152.jpg 1536w, https:\/\/www.dometvie.fr\/franchise\/wp-content\/uploads\/2026\/01\/Reunion-regionale-franchise-2025-2048x1536.jpg 2048w, https:\/\/www.dometvie.fr\/franchise\/wp-content\/uploads\/2026\/01\/Reunion-regionale-franchise-2025-1733x1300.jpg 1733w, https:\/\/www.dometvie.fr\/franchise\/wp-content\/uploads\/2026\/01\/Reunion-regionale-franchise-2025-600x450.jpg 600w\" sizes=\"auto, (max-width: 1100px) 100vw, 1100px\" \/><\/figure>\n\n\n\n<h2 class=\"wp-block-heading\">DOMetVIE, un r\u00e9seau en mouvement<\/h2>\n\n\n\n<p>\u00c0 travers ces r\u00e9unions r\u00e9gionales 2025, DOMetVIE confirme sa volont\u00e9 d\u2019animer un r\u00e9seau de franchise dynamique, structur\u00e9 et tourn\u00e9 vers l\u2019avenir, dans un secteur \u00e0 fort impact soci\u00e9tal.<\/p>\n\n\n\n<p><strong>\ud83d\udc49 Vous souhaitez en savoir plus sur la vie du r\u00e9seau ou rejoindre l\u2019aventure DOMetVIE ?<br><\/strong>D\u00e9couvrez le <a href=\"https:\/\/www.dometvie.fr\/franchise\/franchise-senior\/\">concept de franchise DOMetVIE<\/a> et les <a href=\"https:\/\/www.dometvie.fr\/franchise\/devenir-franchise\/les-10-etapes-de-votre-projet\/\">\u00e9tapes pour devenir franchis\u00e9<\/a>.<\/p>\n","protected":false},"excerpt":{"rendered":"<p>En octobre 2025, le r\u00e9seau DOMetVIE organise ses r\u00e9unions r\u00e9gionales annuelles, un rendez-vous incontournable pour l\u2019ensemble des franchis\u00e9s et la t\u00eate de r\u00e9seau. Ces rencontres permettent de faire le point [&hellip;]<\/p>\n","protected":false},"author":1,"featured_media":2018,"comment_status":"open","ping_status":"open","sticky":false,"template":"","format":"standard","meta":{"footnotes":""},"categories":[3],"tags":[],"class_list":["post-2031","post","type-post","status-publish","format-standard","has-post-thumbnail","hentry","category-la-vie-du-reseau"],"acf":[],"yoast_head":"<!-- This site is optimized with the Yoast SEO plugin v27.4 - https:\/\/yoast.com\/product\/yoast-seo-wordpress\/ -->\n<title>R\u00e9unions r\u00e9gionales DOMetVIE 2025 du r\u00e9seau de franchises<\/title>\n<meta name=\"description\" content=\"Les r\u00e9unions r\u00e9gionales DOMetVIE 2025 se d\u00e9roulent en octobre : \u00e9changes, bilan annuel et perspectives pour le r\u00e9seau de franchise DOMetVIE.\" \/>\n<meta name=\"robots\" content=\"index, follow, max-snippet:-1, max-image-preview:large, max-video-preview:-1\" \/>\n<link rel=\"canonical\" href=\"https:\/\/www.dometvie.fr\/franchise\/reunions-regionales-dometvie-edition-2025\/\" \/>\n<meta property=\"og:locale\" content=\"fr_FR\" \/>\n<meta property=\"og:type\" content=\"article\" \/>\n<meta property=\"og:title\" content=\"R\u00e9unions r\u00e9gionales DOMetVIE 2025 du r\u00e9seau de franchises\" \/>\n<meta property=\"og:description\" content=\"Les r\u00e9unions r\u00e9gionales DOMetVIE 2025 se d\u00e9roulent en octobre : \u00e9changes, bilan annuel et perspectives pour le r\u00e9seau de franchise DOMetVIE.\" \/>\n<meta property=\"og:url\" content=\"https:\/\/www.dometvie.fr\/franchise\/reunions-regionales-dometvie-edition-2025\/\" \/>\n<meta property=\"og:site_name\" content=\"DOMetVIE\" \/>\n<meta property=\"article:published_time\" content=\"2025-10-05T14:27:00+00:00\" \/>\n<meta property=\"article:modified_time\" content=\"2026-01-05T15:30:31+00:00\" \/>\n<meta property=\"og:image\" content=\"https:\/\/www.dometvie.fr\/franchise\/wp-content\/uploads\/2026\/01\/Reunion-regionale-franchise-2025-entrepreneurs-scaled.jpg\" \/>\n\t<meta property=\"og:image:width\" content=\"2560\" \/>\n\t<meta property=\"og:image:height\" content=\"1920\" \/>\n\t<meta property=\"og:image:type\" content=\"image\/jpeg\" \/>\n<meta name=\"author\" content=\"TDmmfranc24\" \/>\n<meta name=\"twitter:card\" content=\"summary_large_image\" \/>\n<meta name=\"twitter:label1\" content=\"\u00c9crit par\" \/>\n\t<meta name=\"twitter:data1\" content=\"TDmmfranc24\" \/>\n\t<meta name=\"twitter:label2\" content=\"Dur\u00e9e de lecture estim\u00e9e\" \/>\n\t<meta name=\"twitter:data2\" content=\"3 minutes\" \/>\n<script type=\"application\/ld+json\" class=\"yoast-schema-graph\">{\"@context\":\"https:\\\/\\\/schema.org\",\"@graph\":[{\"@type\":\"Article\",\"@id\":\"https:\\\/\\\/www.dometvie.fr\\\/franchise\\\/reunions-regionales-dometvie-edition-2025\\\/#article\",\"isPartOf\":{\"@id\":\"https:\\\/\\\/www.dometvie.fr\\\/franchise\\\/reunions-regionales-dometvie-edition-2025\\\/\"},\"author\":{\"name\":\"TDmmfranc24\",\"@id\":\"https:\\\/\\\/www.dometvie.fr\\\/franchise\\\/#\\\/schema\\\/person\\\/17c6ede834e6bde7ec85f0e5a9b91c55\"},\"headline\":\"R\u00e9unions r\u00e9gionales DOMetVIE &#8211; \u00c9dition 2025\",\"datePublished\":\"2025-10-05T14:27:00+00:00\",\"dateModified\":\"2026-01-05T15:30:31+00:00\",\"mainEntityOfPage\":{\"@id\":\"https:\\\/\\\/www.dometvie.fr\\\/franchise\\\/reunions-regionales-dometvie-edition-2025\\\/\"},\"wordCount\":442,\"commentCount\":0,\"image\":{\"@id\":\"https:\\\/\\\/www.dometvie.fr\\\/franchise\\\/reunions-regionales-dometvie-edition-2025\\\/#primaryimage\"},\"thumbnailUrl\":\"https:\\\/\\\/www.dometvie.fr\\\/franchise\\\/wp-content\\\/uploads\\\/2026\\\/01\\\/Reunion-regionale-franchise-2025-entrepreneurs-scaled.jpg\",\"articleSection\":[\"La vie du r\u00e9seau\"],\"inLanguage\":\"fr-FR\",\"potentialAction\":[{\"@type\":\"CommentAction\",\"name\":\"Comment\",\"target\":[\"https:\\\/\\\/www.dometvie.fr\\\/franchise\\\/reunions-regionales-dometvie-edition-2025\\\/#respond\"]}]},{\"@type\":\"WebPage\",\"@id\":\"https:\\\/\\\/www.dometvie.fr\\\/franchise\\\/reunions-regionales-dometvie-edition-2025\\\/\",\"url\":\"https:\\\/\\\/www.dometvie.fr\\\/franchise\\\/reunions-regionales-dometvie-edition-2025\\\/\",\"name\":\"R\u00e9unions r\u00e9gionales DOMetVIE 2025 du r\u00e9seau de franchises\",\"isPartOf\":{\"@id\":\"https:\\\/\\\/www.dometvie.fr\\\/franchise\\\/#website\"},\"primaryImageOfPage\":{\"@id\":\"https:\\\/\\\/www.dometvie.fr\\\/franchise\\\/reunions-regionales-dometvie-edition-2025\\\/#primaryimage\"},\"image\":{\"@id\":\"https:\\\/\\\/www.dometvie.fr\\\/franchise\\\/reunions-regionales-dometvie-edition-2025\\\/#primaryimage\"},\"thumbnailUrl\":\"https:\\\/\\\/www.dometvie.fr\\\/franchise\\\/wp-content\\\/uploads\\\/2026\\\/01\\\/Reunion-regionale-franchise-2025-entrepreneurs-scaled.jpg\",\"datePublished\":\"2025-10-05T14:27:00+00:00\",\"dateModified\":\"2026-01-05T15:30:31+00:00\",\"author\":{\"@id\":\"https:\\\/\\\/www.dometvie.fr\\\/franchise\\\/#\\\/schema\\\/person\\\/17c6ede834e6bde7ec85f0e5a9b91c55\"},\"description\":\"Les r\u00e9unions r\u00e9gionales DOMetVIE 2025 se d\u00e9roulent en octobre : \u00e9changes, bilan annuel et perspectives pour le r\u00e9seau de franchise DOMetVIE.\",\"breadcrumb\":{\"@id\":\"https:\\\/\\\/www.dometvie.fr\\\/franchise\\\/reunions-regionales-dometvie-edition-2025\\\/#breadcrumb\"},\"inLanguage\":\"fr-FR\",\"potentialAction\":[{\"@type\":\"ReadAction\",\"target\":[\"https:\\\/\\\/www.dometvie.fr\\\/franchise\\\/reunions-regionales-dometvie-edition-2025\\\/\"]}]},{\"@type\":\"ImageObject\",\"inLanguage\":\"fr-FR\",\"@id\":\"https:\\\/\\\/www.dometvie.fr\\\/franchise\\\/reunions-regionales-dometvie-edition-2025\\\/#primaryimage\",\"url\":\"https:\\\/\\\/www.dometvie.fr\\\/franchise\\\/wp-content\\\/uploads\\\/2026\\\/01\\\/Reunion-regionale-franchise-2025-entrepreneurs-scaled.jpg\",\"contentUrl\":\"https:\\\/\\\/www.dometvie.fr\\\/franchise\\\/wp-content\\\/uploads\\\/2026\\\/01\\\/Reunion-regionale-franchise-2025-entrepreneurs-scaled.jpg\",\"width\":2560,\"height\":1920},{\"@type\":\"BreadcrumbList\",\"@id\":\"https:\\\/\\\/www.dometvie.fr\\\/franchise\\\/reunions-regionales-dometvie-edition-2025\\\/#breadcrumb\",\"itemListElement\":[{\"@type\":\"ListItem\",\"position\":1,\"name\":\"Accueil\",\"item\":\"https:\\\/\\\/www.dometvie.fr\\\/franchise\\\/\"},{\"@type\":\"ListItem\",\"position\":2,\"name\":\"R\u00e9unions r\u00e9gionales DOMetVIE &#8211; \u00c9dition 2025\"}]},{\"@type\":\"WebSite\",\"@id\":\"https:\\\/\\\/www.dometvie.fr\\\/franchise\\\/#website\",\"url\":\"https:\\\/\\\/www.dometvie.fr\\\/franchise\\\/\",\"name\":\"DOMetVIE\",\"description\":\"Donnez du sens \u00e0 votre m\u00e9tier !\",\"potentialAction\":[{\"@type\":\"SearchAction\",\"target\":{\"@type\":\"EntryPoint\",\"urlTemplate\":\"https:\\\/\\\/www.dometvie.fr\\\/franchise\\\/?s={search_term_string}\"},\"query-input\":{\"@type\":\"PropertyValueSpecification\",\"valueRequired\":true,\"valueName\":\"search_term_string\"}}],\"inLanguage\":\"fr-FR\"},{\"@type\":\"Person\",\"@id\":\"https:\\\/\\\/www.dometvie.fr\\\/franchise\\\/#\\\/schema\\\/person\\\/17c6ede834e6bde7ec85f0e5a9b91c55\",\"name\":\"TDmmfranc24\",\"image\":{\"@type\":\"ImageObject\",\"inLanguage\":\"fr-FR\",\"@id\":\"https:\\\/\\\/secure.gravatar.com\\\/avatar\\\/05810671f094764cfa6d44dec594f5435a3905530126669978fd2d88191d67d7?s=96&d=mm&r=g\",\"url\":\"https:\\\/\\\/secure.gravatar.com\\\/avatar\\\/05810671f094764cfa6d44dec594f5435a3905530126669978fd2d88191d67d7?s=96&d=mm&r=g\",\"contentUrl\":\"https:\\\/\\\/secure.gravatar.com\\\/avatar\\\/05810671f094764cfa6d44dec594f5435a3905530126669978fd2d88191d67d7?s=96&d=mm&r=g\",\"caption\":\"TDmmfranc24\"},\"sameAs\":[\"https:\\\/\\\/www.dometvie.fr\\\/franchise\"],\"url\":\"https:\\\/\\\/www.dometvie.fr\\\/franchise\\\/author\\\/tdmmfranc24\\\/\"}]}<\/script>\n<!-- \/ Yoast SEO plugin. -->","yoast_head_json":{"title":"R\u00e9unions r\u00e9gionales DOMetVIE 2025 du r\u00e9seau de franchises","description":"Les r\u00e9unions r\u00e9gionales DOMetVIE 2025 se d\u00e9roulent en octobre : \u00e9changes, bilan annuel et perspectives pour le r\u00e9seau de franchise DOMetVIE.","robots":{"index":"index","follow":"follow","max-snippet":"max-snippet:-1","max-image-preview":"max-image-preview:large","max-video-preview":"max-video-preview:-1"},"canonical":"https:\/\/www.dometvie.fr\/franchise\/reunions-regionales-dometvie-edition-2025\/","og_locale":"fr_FR","og_type":"article","og_title":"R\u00e9unions r\u00e9gionales DOMetVIE 2025 du r\u00e9seau de franchises","og_description":"Les r\u00e9unions r\u00e9gionales DOMetVIE 2025 se d\u00e9roulent en octobre : \u00e9changes, bilan annuel et perspectives pour le r\u00e9seau de franchise DOMetVIE.","og_url":"https:\/\/www.dometvie.fr\/franchise\/reunions-regionales-dometvie-edition-2025\/","og_site_name":"DOMetVIE","article_published_time":"2025-10-05T14:27:00+00:00","article_modified_time":"2026-01-05T15:30:31+00:00","og_image":[{"width":2560,"height":1920,"url":"https:\/\/www.dometvie.fr\/franchise\/wp-content\/uploads\/2026\/01\/Reunion-regionale-franchise-2025-entrepreneurs-scaled.jpg","type":"image\/jpeg"}],"author":"TDmmfranc24","twitter_card":"summary_large_image","twitter_misc":{"\u00c9crit par":"TDmmfranc24","Dur\u00e9e de lecture estim\u00e9e":"3 minutes"},"schema":{"@context":"https:\/\/schema.org","@graph":[{"@type":"Article","@id":"https:\/\/www.dometvie.fr\/franchise\/reunions-regionales-dometvie-edition-2025\/#article","isPartOf":{"@id":"https:\/\/www.dometvie.fr\/franchise\/reunions-regionales-dometvie-edition-2025\/"},"author":{"name":"TDmmfranc24","@id":"https:\/\/www.dometvie.fr\/franchise\/#\/schema\/person\/17c6ede834e6bde7ec85f0e5a9b91c55"},"headline":"R\u00e9unions r\u00e9gionales DOMetVIE &#8211; \u00c9dition 2025","datePublished":"2025-10-05T14:27:00+00:00","dateModified":"2026-01-05T15:30:31+00:00","mainEntityOfPage":{"@id":"https:\/\/www.dometvie.fr\/franchise\/reunions-regionales-dometvie-edition-2025\/"},"wordCount":442,"commentCount":0,"image":{"@id":"https:\/\/www.dometvie.fr\/franchise\/reunions-regionales-dometvie-edition-2025\/#primaryimage"},"thumbnailUrl":"https:\/\/www.dometvie.fr\/franchise\/wp-content\/uploads\/2026\/01\/Reunion-regionale-franchise-2025-entrepreneurs-scaled.jpg","articleSection":["La vie du r\u00e9seau"],"inLanguage":"fr-FR","potentialAction":[{"@type":"CommentAction","name":"Comment","target":["https:\/\/www.dometvie.fr\/franchise\/reunions-regionales-dometvie-edition-2025\/#respond"]}]},{"@type":"WebPage","@id":"https:\/\/www.dometvie.fr\/franchise\/reunions-regionales-dometvie-edition-2025\/","url":"https:\/\/www.dometvie.fr\/franchise\/reunions-regionales-dometvie-edition-2025\/","name":"R\u00e9unions r\u00e9gionales DOMetVIE 2025 du r\u00e9seau de franchises","isPartOf":{"@id":"https:\/\/www.dometvie.fr\/franchise\/#website"},"primaryImageOfPage":{"@id":"https:\/\/www.dometvie.fr\/franchise\/reunions-regionales-dometvie-edition-2025\/#primaryimage"},"image":{"@id":"https:\/\/www.dometvie.fr\/franchise\/reunions-regionales-dometvie-edition-2025\/#primaryimage"},"thumbnailUrl":"https:\/\/www.dometvie.fr\/franchise\/wp-content\/uploads\/2026\/01\/Reunion-regionale-franchise-2025-entrepreneurs-scaled.jpg","datePublished":"2025-10-05T14:27:00+00:00","dateModified":"2026-01-05T15:30:31+00:00","author":{"@id":"https:\/\/www.dometvie.fr\/franchise\/#\/schema\/person\/17c6ede834e6bde7ec85f0e5a9b91c55"},"description":"Les r\u00e9unions r\u00e9gionales DOMetVIE 2025 se d\u00e9roulent en octobre : \u00e9changes, bilan annuel et perspectives pour le r\u00e9seau de franchise DOMetVIE.","breadcrumb":{"@id":"https:\/\/www.dometvie.fr\/franchise\/reunions-regionales-dometvie-edition-2025\/#breadcrumb"},"inLanguage":"fr-FR","potentialAction":[{"@type":"ReadAction","target":["https:\/\/www.dometvie.fr\/franchise\/reunions-regionales-dometvie-edition-2025\/"]}]},{"@type":"ImageObject","inLanguage":"fr-FR","@id":"https:\/\/www.dometvie.fr\/franchise\/reunions-regionales-dometvie-edition-2025\/#primaryimage","url":"https:\/\/www.dometvie.fr\/franchise\/wp-content\/uploads\/2026\/01\/Reunion-regionale-franchise-2025-entrepreneurs-scaled.jpg","contentUrl":"https:\/\/www.dometvie.fr\/franchise\/wp-content\/uploads\/2026\/01\/Reunion-regionale-franchise-2025-entrepreneurs-scaled.jpg","width":2560,"height":1920},{"@type":"BreadcrumbList","@id":"https:\/\/www.dometvie.fr\/franchise\/reunions-regionales-dometvie-edition-2025\/#breadcrumb","itemListElement":[{"@type":"ListItem","position":1,"name":"Accueil","item":"https:\/\/www.dometvie.fr\/franchise\/"},{"@type":"ListItem","position":2,"name":"R\u00e9unions r\u00e9gionales DOMetVIE &#8211; \u00c9dition 2025"}]},{"@type":"WebSite","@id":"https:\/\/www.dometvie.fr\/franchise\/#website","url":"https:\/\/www.dometvie.fr\/franchise\/","name":"DOMetVIE","description":"Donnez du sens \u00e0 votre m\u00e9tier !","potentialAction":[{"@type":"SearchAction","target":{"@type":"EntryPoint","urlTemplate":"https:\/\/www.dometvie.fr\/franchise\/?s={search_term_string}"},"query-input":{"@type":"PropertyValueSpecification","valueRequired":true,"valueName":"search_term_string"}}],"inLanguage":"fr-FR"},{"@type":"Person","@id":"https:\/\/www.dometvie.fr\/franchise\/#\/schema\/person\/17c6ede834e6bde7ec85f0e5a9b91c55","name":"TDmmfranc24","image":{"@type":"ImageObject","inLanguage":"fr-FR","@id":"https:\/\/secure.gravatar.com\/avatar\/05810671f094764cfa6d44dec594f5435a3905530126669978fd2d88191d67d7?s=96&d=mm&r=g","url":"https:\/\/secure.gravatar.com\/avatar\/05810671f094764cfa6d44dec594f5435a3905530126669978fd2d88191d67d7?s=96&d=mm&r=g","contentUrl":"https:\/\/secure.gravatar.com\/avatar\/05810671f094764cfa6d44dec594f5435a3905530126669978fd2d88191d67d7?s=96&d=mm&r=g","caption":"TDmmfranc24"},"sameAs":["https:\/\/www.dometvie.fr\/franchise"],"url":"https:\/\/www.dometvie.fr\/franchise\/author\/tdmmfranc24\/"}]}},"_links":{"self":[{"href":"https:\/\/www.dometvie.fr\/franchise\/wp-json\/wp\/v2\/posts\/2031","targetHints":{"allow":["GET"]}}],"collection":[{"href":"https:\/\/www.dometvie.fr\/franchise\/wp-json\/wp\/v2\/posts"}],"about":[{"href":"https:\/\/www.dometvie.fr\/franchise\/wp-json\/wp\/v2\/types\/post"}],"author":[{"embeddable":true,"href":"https:\/\/www.dometvie.fr\/franchise\/wp-json\/wp\/v2\/users\/1"}],"replies":[{"embeddable":true,"href":"https:\/\/www.dometvie.fr\/franchise\/wp-json\/wp\/v2\/comments?post=2031"}],"version-history":[{"count":1,"href":"https:\/\/www.dometvie.fr\/franchise\/wp-json\/wp\/v2\/posts\/2031\/revisions"}],"predecessor-version":[{"id":2032,"href":"https:\/\/www.dometvie.fr\/franchise\/wp-json\/wp\/v2\/posts\/2031\/revisions\/2032"}],"wp:featuredmedia":[{"embeddable":true,"href":"https:\/\/www.dometvie.fr\/franchise\/wp-json\/wp\/v2\/media\/2018"}],"wp:attachment":[{"href":"https:\/\/www.dometvie.fr\/franchise\/wp-json\/wp\/v2\/media?parent=2031"}],"wp:term":[{"taxonomy":"category","embeddable":true,"href":"https:\/\/www.dometvie.fr\/franchise\/wp-json\/wp\/v2\/categories?post=2031"},{"taxonomy":"post_tag","embeddable":true,"href":"https:\/\/www.dometvie.fr\/franchise\/wp-json\/wp\/v2\/tags?post=2031"}],"curies":[{"name":"wp","href":"https:\/\/api.w.org\/{rel}","templated":true}]}}