{"id":736,"date":"2021-03-22T14:33:00","date_gmt":"2021-03-22T13:33:00","guid":{"rendered":"https:\/\/contact.www.dometvie.fr\/franchise\/dev\/?p=736"},"modified":"2021-03-22T14:33:00","modified_gmt":"2021-03-22T13:33:00","slug":"temoignage-franchise-emmanuel-de-kerhor","status":"publish","type":"post","link":"https:\/\/www.dometvie.fr\/franchise\/temoignage-franchise-emmanuel-de-kerhor\/","title":{"rendered":"T\u00e9moignage franchis\u00e9 Emmanuel de Kerhor"},"content":{"rendered":"\n<h3 class=\"wp-block-heading\"><strong>Pouvez-vous&nbsp;me parler de votre exp\u00e9rience en EHPAD ?<\/strong><\/h3>\n\n\n\n<p>J\u2019ai travaill\u00e9 en tout 16 ans en Ehpad dont 11 ans en tant que directeur.&nbsp;<strong>C\u2019est un m\u00e9tier tr\u00e8s beau, on a une capacit\u00e9 d\u2019\u00eatre en prise directe sur la qualit\u00e9 de vie des personnes fragiles.<\/strong>&nbsp;Ce qu\u2019on fait a un impact instantan\u00e9&nbsp;sur leurs vies, c\u2019est \u00e9norme. Ce sont des personnes qui d\u00e9pendent \u00e9norm\u00e9ment de leurs entourages, il y a \u00e0 travers \u00e7a une grande responsabilit\u00e9, lourde \u00e0 porter. Quand il y a un rat\u00e9, on culpabilise.&nbsp;<strong>Lorsqu&rsquo;on&nbsp;on les accueille c\u2019est difficile pour tout le monde, autant pour eux, que leurs familles qui ressentent de la culpabilit\u00e9.<\/strong>&nbsp;D\u2019ailleurs, souvent les familles disent \u00ab je le place \u00bb en \u00e9tablissement, cela en dit long\u2026 Les d\u00e9c\u00e8s sont tr\u00e8s difficiles \u00e0 vivre parce qu&rsquo;il&nbsp;y a un lien tr\u00e8s fort qui se cr\u00e9e avec chacune des personnes qu&rsquo;on accueille.&nbsp;Il y a des choses difficiles \u00e0 porter au quotidien, mais c\u2019est aussi \u00e7a qui pousse \u00e0 se lever chaque matin; ce qu\u2019on fait a du&nbsp;sens. Pour moi ce qui \u00e9tait aussi difficile \u00e9tait la partie management,&nbsp;<strong>il fallait g\u00e9rer entre 50 et 80&nbsp; professionnels qui souffrent physiquement et nerveusement.<\/strong>&nbsp;Malgr\u00e9 l&rsquo;accompagnement qu&rsquo;on peut apporter, il y a malheureusement un gros turn-over, il faut donc sans cesse recruter, parfois ne pas avoir le choix et se rabattre sur des personnes non dipl\u00f4m\u00e9es.<\/p>\n\n\n\n<h3 class=\"wp-block-heading\"><strong>Vous passez de la direction d&rsquo;un EHPAD&nbsp;\u00e0 un d\u00e9sir de&nbsp;maintien \u00e0 domicile des seniors, pourquoi avoir pris ce virage ?<\/strong><\/h3>\n\n\n\n<p><strong>J\u2019ai eu envie de garder le contact avec les personnes \u00e2g\u00e9es, j\u2019ai h\u00e9sit\u00e9 \u00e0 me reconvertir compl\u00e8tement, mais j\u2019ai compris que le contact avec elles&nbsp;est tr\u00e8s important pour moi.&nbsp;<\/strong>Les 15 derni\u00e8res ann\u00e9es, j\u2019ai pris tous mes d\u00e9jeuners avec elles. Ce qui va changer&nbsp;&nbsp;est le lien assez rapide qui se cr\u00e9e en allant directement chez les personnes, parce qu\u2019on entre directement dans leur intimit\u00e9 et leur monde .&nbsp;<strong>En Ehpad,&nbsp;chacun poss\u00e8de sa chambre, mais cela demeure&nbsp;un lieu tr\u00e8s aseptis\u00e9<\/strong>&nbsp;et&nbsp;les personnes racontent uniquement&nbsp;ce qu\u2019elles veulent raconter, ce qui maintient une certaine distance.<\/p>\n\n\n\n<p>En m&rsquo;engageant dans le maintien \u00e0 domicile, je suis&nbsp;tr\u00e8s content et rassur\u00e9 de voir qu\u2019on nous accueille sans r\u00e9serve. Enfin,&nbsp;<strong>le plus important est \u00e9videmment de contribuer \u00e0 cr\u00e9er du beau, rendre agr\u00e9able&nbsp;le&nbsp;domicile&nbsp;de nos ain\u00e9s et les savoir satisfaits.<\/strong><\/p>\n\n\n\n<p>Pour finir,&nbsp;ce qui m\u2019a pouss\u00e9 \u00e0 aller vers le maintien \u00e0 domicile c\u2019est ce constat qu\u2019en \u00e9tablissement on n\u2019arrive pas \u00e0 garantir ce qu\u2019on voudrait mettre en place,<strong>&nbsp;il y a une frustration.&nbsp;<\/strong>Tout d\u00e9pend assez peu de nous, quand il y a des familles qui passent et nous disent \u00ab \u00e7a fait 3h que personne n\u2019est pass\u00e9 dans la chambre, vous devriez embaucher du personnel \u00bb je r\u00e9ponds que je ne demande que \u00e7a ! Mais nous n&rsquo;avons ni le droit, car on a un nombre d\u2019effectifs \u00e0 respecter ni le&nbsp;budget\u2026 il y a ce sentiment d\u2019un \u00e9cart entre ce qu\u2019on voudrait,&nbsp;ce que \u00e7a coute aux familles et ce qu\u2019on arrive \u00e0 faire vivre aux personnes.<\/p>\n\n\n\n<p>Beaucoup de coll\u00e8gues ont arr\u00eat\u00e9 suite \u00e0 un AVC ou un burn-out, et j&rsquo;ai eu moi m\u00eame des signaux d&rsquo;alerte, donc j\u2019ai d\u00e9cid\u00e9&nbsp;d\u2019int\u00e9grer la franchise DOM&amp;VIE.&nbsp;<strong>Je souhaite avoir un engagement complet envers mes clients,<\/strong>&nbsp;d\u2019\u00eatre pr\u00e9sent \u00e0 chaque \u00e9tape, \u00e0 chacun de leurs questionnements, je sais que je pourrais honorer chacun de leur besoin&nbsp;et obtenir une satisfaction compl\u00e8te de la part de mes futurs clients. &nbsp;Gr\u00e2ce \u00e0 mon exp\u00e9rience en \u00e9tablissement je sais que je serais enti\u00e8rement engag\u00e9 dans cette nouvelle aventure.<\/p>\n","protected":false},"excerpt":{"rendered":"<p>Pouvez-vous&nbsp;me parler de votre exp\u00e9rience en EHPAD ? J\u2019ai travaill\u00e9 en tout 16 ans en Ehpad dont 11 ans en tant que directeur.&nbsp;C\u2019est un m\u00e9tier tr\u00e8s beau, on a une [&hellip;]<\/p>\n","protected":false},"author":1,"featured_media":752,"comment_status":"open","ping_status":"open","sticky":false,"template":"","format":"standard","meta":{"footnotes":""},"categories":[5],"tags":[],"class_list":["post-736","post","type-post","status-publish","format-standard","has-post-thumbnail","hentry","category-nos-franchises"],"acf":[],"yoast_head":"<!-- This site is optimized with the Yoast SEO plugin v27.4 - https:\/\/yoast.com\/product\/yoast-seo-wordpress\/ -->\n<title>T\u00e9moignage franchis\u00e9 Emmanuel de Kerhor - DOMetVIE<\/title>\n<meta name=\"robots\" content=\"index, follow, max-snippet:-1, max-image-preview:large, max-video-preview:-1\" \/>\n<link rel=\"canonical\" href=\"https:\/\/www.dometvie.fr\/franchise\/temoignage-franchise-emmanuel-de-kerhor\/\" \/>\n<meta property=\"og:locale\" content=\"fr_FR\" \/>\n<meta property=\"og:type\" content=\"article\" \/>\n<meta property=\"og:title\" content=\"T\u00e9moignage franchis\u00e9 Emmanuel de Kerhor - DOMetVIE\" \/>\n<meta property=\"og:description\" content=\"Pouvez-vous&nbsp;me parler de votre exp\u00e9rience en EHPAD ? J\u2019ai travaill\u00e9 en tout 16 ans en Ehpad dont 11 ans en tant que directeur.&nbsp;C\u2019est un m\u00e9tier tr\u00e8s beau, on a une [&hellip;]\" \/>\n<meta property=\"og:url\" content=\"https:\/\/www.dometvie.fr\/franchise\/temoignage-franchise-emmanuel-de-kerhor\/\" \/>\n<meta property=\"og:site_name\" content=\"DOMetVIE\" \/>\n<meta property=\"article:published_time\" content=\"2021-03-22T13:33:00+00:00\" \/>\n<meta property=\"og:image\" content=\"https:\/\/www.dometvie.fr\/franchise\/wp-content\/uploads\/2023\/02\/2-1.jpg\" \/>\n\t<meta property=\"og:image:width\" content=\"1000\" \/>\n\t<meta property=\"og:image:height\" content=\"998\" \/>\n\t<meta property=\"og:image:type\" content=\"image\/jpeg\" \/>\n<meta name=\"author\" content=\"TDmmfranc24\" \/>\n<meta name=\"twitter:card\" content=\"summary_large_image\" \/>\n<meta name=\"twitter:label1\" content=\"\u00c9crit par\" \/>\n\t<meta name=\"twitter:data1\" content=\"TDmmfranc24\" \/>\n\t<meta name=\"twitter:label2\" content=\"Dur\u00e9e de lecture estim\u00e9e\" \/>\n\t<meta name=\"twitter:data2\" content=\"3 minutes\" \/>\n<script type=\"application\/ld+json\" class=\"yoast-schema-graph\">{\"@context\":\"https:\\\/\\\/schema.org\",\"@graph\":[{\"@type\":\"Article\",\"@id\":\"https:\\\/\\\/www.dometvie.fr\\\/franchise\\\/temoignage-franchise-emmanuel-de-kerhor\\\/#article\",\"isPartOf\":{\"@id\":\"https:\\\/\\\/www.dometvie.fr\\\/franchise\\\/temoignage-franchise-emmanuel-de-kerhor\\\/\"},\"author\":{\"name\":\"TDmmfranc24\",\"@id\":\"https:\\\/\\\/www.dometvie.fr\\\/franchise\\\/#\\\/schema\\\/person\\\/17c6ede834e6bde7ec85f0e5a9b91c55\"},\"headline\":\"T\u00e9moignage franchis\u00e9 Emmanuel de Kerhor\",\"datePublished\":\"2021-03-22T13:33:00+00:00\",\"mainEntityOfPage\":{\"@id\":\"https:\\\/\\\/www.dometvie.fr\\\/franchise\\\/temoignage-franchise-emmanuel-de-kerhor\\\/\"},\"wordCount\":695,\"commentCount\":0,\"image\":{\"@id\":\"https:\\\/\\\/www.dometvie.fr\\\/franchise\\\/temoignage-franchise-emmanuel-de-kerhor\\\/#primaryimage\"},\"thumbnailUrl\":\"https:\\\/\\\/www.dometvie.fr\\\/franchise\\\/wp-content\\\/uploads\\\/2023\\\/02\\\/2-1.jpg\",\"articleSection\":[\"Nos franchis\u00e9s\"],\"inLanguage\":\"fr-FR\",\"potentialAction\":[{\"@type\":\"CommentAction\",\"name\":\"Comment\",\"target\":[\"https:\\\/\\\/www.dometvie.fr\\\/franchise\\\/temoignage-franchise-emmanuel-de-kerhor\\\/#respond\"]}]},{\"@type\":\"WebPage\",\"@id\":\"https:\\\/\\\/www.dometvie.fr\\\/franchise\\\/temoignage-franchise-emmanuel-de-kerhor\\\/\",\"url\":\"https:\\\/\\\/www.dometvie.fr\\\/franchise\\\/temoignage-franchise-emmanuel-de-kerhor\\\/\",\"name\":\"T\u00e9moignage franchis\u00e9 Emmanuel de Kerhor - DOMetVIE\",\"isPartOf\":{\"@id\":\"https:\\\/\\\/www.dometvie.fr\\\/franchise\\\/#website\"},\"primaryImageOfPage\":{\"@id\":\"https:\\\/\\\/www.dometvie.fr\\\/franchise\\\/temoignage-franchise-emmanuel-de-kerhor\\\/#primaryimage\"},\"image\":{\"@id\":\"https:\\\/\\\/www.dometvie.fr\\\/franchise\\\/temoignage-franchise-emmanuel-de-kerhor\\\/#primaryimage\"},\"thumbnailUrl\":\"https:\\\/\\\/www.dometvie.fr\\\/franchise\\\/wp-content\\\/uploads\\\/2023\\\/02\\\/2-1.jpg\",\"datePublished\":\"2021-03-22T13:33:00+00:00\",\"author\":{\"@id\":\"https:\\\/\\\/www.dometvie.fr\\\/franchise\\\/#\\\/schema\\\/person\\\/17c6ede834e6bde7ec85f0e5a9b91c55\"},\"breadcrumb\":{\"@id\":\"https:\\\/\\\/www.dometvie.fr\\\/franchise\\\/temoignage-franchise-emmanuel-de-kerhor\\\/#breadcrumb\"},\"inLanguage\":\"fr-FR\",\"potentialAction\":[{\"@type\":\"ReadAction\",\"target\":[\"https:\\\/\\\/www.dometvie.fr\\\/franchise\\\/temoignage-franchise-emmanuel-de-kerhor\\\/\"]}]},{\"@type\":\"ImageObject\",\"inLanguage\":\"fr-FR\",\"@id\":\"https:\\\/\\\/www.dometvie.fr\\\/franchise\\\/temoignage-franchise-emmanuel-de-kerhor\\\/#primaryimage\",\"url\":\"https:\\\/\\\/www.dometvie.fr\\\/franchise\\\/wp-content\\\/uploads\\\/2023\\\/02\\\/2-1.jpg\",\"contentUrl\":\"https:\\\/\\\/www.dometvie.fr\\\/franchise\\\/wp-content\\\/uploads\\\/2023\\\/02\\\/2-1.jpg\",\"width\":1000,\"height\":998},{\"@type\":\"BreadcrumbList\",\"@id\":\"https:\\\/\\\/www.dometvie.fr\\\/franchise\\\/temoignage-franchise-emmanuel-de-kerhor\\\/#breadcrumb\",\"itemListElement\":[{\"@type\":\"ListItem\",\"position\":1,\"name\":\"Accueil\",\"item\":\"https:\\\/\\\/www.dometvie.fr\\\/franchise\\\/\"},{\"@type\":\"ListItem\",\"position\":2,\"name\":\"T\u00e9moignage franchis\u00e9 Emmanuel de Kerhor\"}]},{\"@type\":\"WebSite\",\"@id\":\"https:\\\/\\\/www.dometvie.fr\\\/franchise\\\/#website\",\"url\":\"https:\\\/\\\/www.dometvie.fr\\\/franchise\\\/\",\"name\":\"DOMetVIE\",\"description\":\"Donnez du sens \u00e0 votre m\u00e9tier !\",\"potentialAction\":[{\"@type\":\"SearchAction\",\"target\":{\"@type\":\"EntryPoint\",\"urlTemplate\":\"https:\\\/\\\/www.dometvie.fr\\\/franchise\\\/?s={search_term_string}\"},\"query-input\":{\"@type\":\"PropertyValueSpecification\",\"valueRequired\":true,\"valueName\":\"search_term_string\"}}],\"inLanguage\":\"fr-FR\"},{\"@type\":\"Person\",\"@id\":\"https:\\\/\\\/www.dometvie.fr\\\/franchise\\\/#\\\/schema\\\/person\\\/17c6ede834e6bde7ec85f0e5a9b91c55\",\"name\":\"TDmmfranc24\",\"image\":{\"@type\":\"ImageObject\",\"inLanguage\":\"fr-FR\",\"@id\":\"https:\\\/\\\/secure.gravatar.com\\\/avatar\\\/05810671f094764cfa6d44dec594f5435a3905530126669978fd2d88191d67d7?s=96&d=mm&r=g\",\"url\":\"https:\\\/\\\/secure.gravatar.com\\\/avatar\\\/05810671f094764cfa6d44dec594f5435a3905530126669978fd2d88191d67d7?s=96&d=mm&r=g\",\"contentUrl\":\"https:\\\/\\\/secure.gravatar.com\\\/avatar\\\/05810671f094764cfa6d44dec594f5435a3905530126669978fd2d88191d67d7?s=96&d=mm&r=g\",\"caption\":\"TDmmfranc24\"},\"sameAs\":[\"https:\\\/\\\/www.dometvie.fr\\\/franchise\"],\"url\":\"https:\\\/\\\/www.dometvie.fr\\\/franchise\\\/author\\\/tdmmfranc24\\\/\"}]}<\/script>\n<!-- \/ Yoast SEO plugin. -->","yoast_head_json":{"title":"T\u00e9moignage franchis\u00e9 Emmanuel de Kerhor - DOMetVIE","robots":{"index":"index","follow":"follow","max-snippet":"max-snippet:-1","max-image-preview":"max-image-preview:large","max-video-preview":"max-video-preview:-1"},"canonical":"https:\/\/www.dometvie.fr\/franchise\/temoignage-franchise-emmanuel-de-kerhor\/","og_locale":"fr_FR","og_type":"article","og_title":"T\u00e9moignage franchis\u00e9 Emmanuel de Kerhor - DOMetVIE","og_description":"Pouvez-vous&nbsp;me parler de votre exp\u00e9rience en EHPAD ? J\u2019ai travaill\u00e9 en tout 16 ans en Ehpad dont 11 ans en tant que directeur.&nbsp;C\u2019est un m\u00e9tier tr\u00e8s beau, on a une [&hellip;]","og_url":"https:\/\/www.dometvie.fr\/franchise\/temoignage-franchise-emmanuel-de-kerhor\/","og_site_name":"DOMetVIE","article_published_time":"2021-03-22T13:33:00+00:00","og_image":[{"width":1000,"height":998,"url":"https:\/\/www.dometvie.fr\/franchise\/wp-content\/uploads\/2023\/02\/2-1.jpg","type":"image\/jpeg"}],"author":"TDmmfranc24","twitter_card":"summary_large_image","twitter_misc":{"\u00c9crit par":"TDmmfranc24","Dur\u00e9e de lecture estim\u00e9e":"3 minutes"},"schema":{"@context":"https:\/\/schema.org","@graph":[{"@type":"Article","@id":"https:\/\/www.dometvie.fr\/franchise\/temoignage-franchise-emmanuel-de-kerhor\/#article","isPartOf":{"@id":"https:\/\/www.dometvie.fr\/franchise\/temoignage-franchise-emmanuel-de-kerhor\/"},"author":{"name":"TDmmfranc24","@id":"https:\/\/www.dometvie.fr\/franchise\/#\/schema\/person\/17c6ede834e6bde7ec85f0e5a9b91c55"},"headline":"T\u00e9moignage franchis\u00e9 Emmanuel de Kerhor","datePublished":"2021-03-22T13:33:00+00:00","mainEntityOfPage":{"@id":"https:\/\/www.dometvie.fr\/franchise\/temoignage-franchise-emmanuel-de-kerhor\/"},"wordCount":695,"commentCount":0,"image":{"@id":"https:\/\/www.dometvie.fr\/franchise\/temoignage-franchise-emmanuel-de-kerhor\/#primaryimage"},"thumbnailUrl":"https:\/\/www.dometvie.fr\/franchise\/wp-content\/uploads\/2023\/02\/2-1.jpg","articleSection":["Nos franchis\u00e9s"],"inLanguage":"fr-FR","potentialAction":[{"@type":"CommentAction","name":"Comment","target":["https:\/\/www.dometvie.fr\/franchise\/temoignage-franchise-emmanuel-de-kerhor\/#respond"]}]},{"@type":"WebPage","@id":"https:\/\/www.dometvie.fr\/franchise\/temoignage-franchise-emmanuel-de-kerhor\/","url":"https:\/\/www.dometvie.fr\/franchise\/temoignage-franchise-emmanuel-de-kerhor\/","name":"T\u00e9moignage franchis\u00e9 Emmanuel de Kerhor - DOMetVIE","isPartOf":{"@id":"https:\/\/www.dometvie.fr\/franchise\/#website"},"primaryImageOfPage":{"@id":"https:\/\/www.dometvie.fr\/franchise\/temoignage-franchise-emmanuel-de-kerhor\/#primaryimage"},"image":{"@id":"https:\/\/www.dometvie.fr\/franchise\/temoignage-franchise-emmanuel-de-kerhor\/#primaryimage"},"thumbnailUrl":"https:\/\/www.dometvie.fr\/franchise\/wp-content\/uploads\/2023\/02\/2-1.jpg","datePublished":"2021-03-22T13:33:00+00:00","author":{"@id":"https:\/\/www.dometvie.fr\/franchise\/#\/schema\/person\/17c6ede834e6bde7ec85f0e5a9b91c55"},"breadcrumb":{"@id":"https:\/\/www.dometvie.fr\/franchise\/temoignage-franchise-emmanuel-de-kerhor\/#breadcrumb"},"inLanguage":"fr-FR","potentialAction":[{"@type":"ReadAction","target":["https:\/\/www.dometvie.fr\/franchise\/temoignage-franchise-emmanuel-de-kerhor\/"]}]},{"@type":"ImageObject","inLanguage":"fr-FR","@id":"https:\/\/www.dometvie.fr\/franchise\/temoignage-franchise-emmanuel-de-kerhor\/#primaryimage","url":"https:\/\/www.dometvie.fr\/franchise\/wp-content\/uploads\/2023\/02\/2-1.jpg","contentUrl":"https:\/\/www.dometvie.fr\/franchise\/wp-content\/uploads\/2023\/02\/2-1.jpg","width":1000,"height":998},{"@type":"BreadcrumbList","@id":"https:\/\/www.dometvie.fr\/franchise\/temoignage-franchise-emmanuel-de-kerhor\/#breadcrumb","itemListElement":[{"@type":"ListItem","position":1,"name":"Accueil","item":"https:\/\/www.dometvie.fr\/franchise\/"},{"@type":"ListItem","position":2,"name":"T\u00e9moignage franchis\u00e9 Emmanuel de Kerhor"}]},{"@type":"WebSite","@id":"https:\/\/www.dometvie.fr\/franchise\/#website","url":"https:\/\/www.dometvie.fr\/franchise\/","name":"DOMetVIE","description":"Donnez du sens \u00e0 votre m\u00e9tier !","potentialAction":[{"@type":"SearchAction","target":{"@type":"EntryPoint","urlTemplate":"https:\/\/www.dometvie.fr\/franchise\/?s={search_term_string}"},"query-input":{"@type":"PropertyValueSpecification","valueRequired":true,"valueName":"search_term_string"}}],"inLanguage":"fr-FR"},{"@type":"Person","@id":"https:\/\/www.dometvie.fr\/franchise\/#\/schema\/person\/17c6ede834e6bde7ec85f0e5a9b91c55","name":"TDmmfranc24","image":{"@type":"ImageObject","inLanguage":"fr-FR","@id":"https:\/\/secure.gravatar.com\/avatar\/05810671f094764cfa6d44dec594f5435a3905530126669978fd2d88191d67d7?s=96&d=mm&r=g","url":"https:\/\/secure.gravatar.com\/avatar\/05810671f094764cfa6d44dec594f5435a3905530126669978fd2d88191d67d7?s=96&d=mm&r=g","contentUrl":"https:\/\/secure.gravatar.com\/avatar\/05810671f094764cfa6d44dec594f5435a3905530126669978fd2d88191d67d7?s=96&d=mm&r=g","caption":"TDmmfranc24"},"sameAs":["https:\/\/www.dometvie.fr\/franchise"],"url":"https:\/\/www.dometvie.fr\/franchise\/author\/tdmmfranc24\/"}]}},"_links":{"self":[{"href":"https:\/\/www.dometvie.fr\/franchise\/wp-json\/wp\/v2\/posts\/736","targetHints":{"allow":["GET"]}}],"collection":[{"href":"https:\/\/www.dometvie.fr\/franchise\/wp-json\/wp\/v2\/posts"}],"about":[{"href":"https:\/\/www.dometvie.fr\/franchise\/wp-json\/wp\/v2\/types\/post"}],"author":[{"embeddable":true,"href":"https:\/\/www.dometvie.fr\/franchise\/wp-json\/wp\/v2\/users\/1"}],"replies":[{"embeddable":true,"href":"https:\/\/www.dometvie.fr\/franchise\/wp-json\/wp\/v2\/comments?post=736"}],"version-history":[{"count":0,"href":"https:\/\/www.dometvie.fr\/franchise\/wp-json\/wp\/v2\/posts\/736\/revisions"}],"wp:featuredmedia":[{"embeddable":true,"href":"https:\/\/www.dometvie.fr\/franchise\/wp-json\/wp\/v2\/media\/752"}],"wp:attachment":[{"href":"https:\/\/www.dometvie.fr\/franchise\/wp-json\/wp\/v2\/media?parent=736"}],"wp:term":[{"taxonomy":"category","embeddable":true,"href":"https:\/\/www.dometvie.fr\/franchise\/wp-json\/wp\/v2\/categories?post=736"},{"taxonomy":"post_tag","embeddable":true,"href":"https:\/\/www.dometvie.fr\/franchise\/wp-json\/wp\/v2\/tags?post=736"}],"curies":[{"name":"wp","href":"https:\/\/api.w.org\/{rel}","templated":true}]}}